[{"@context":"https:\/\/schema.org\/","@type":"Article","@id":"https:\/\/www.suy.sk\/hodi-sa-presklena-fasada-aj-do-vasho-domu\/#Article","mainEntityOfPage":"https:\/\/www.suy.sk\/hodi-sa-presklena-fasada-aj-do-vasho-domu\/","headline":"Hod\u00ed sa presklen\u00e1 fas\u00e1da aj do v\u00e1\u0161ho domu?","name":"Hod\u00ed sa presklen\u00e1 fas\u00e1da aj do v\u00e1\u0161ho domu?","description":"Presklen\u00e9 fas\u00e1dy s\u00fa ve\u013emi pekn\u00e9, p\u00f4sobia moderne, vpustia do interi\u00e9ru svetlo. Ak sa tro\u0161ku zauj\u00edmate o bytov\u00fd dizajn a aktu\u00e1lne&hellip;","datePublished":"2019-10-01","dateModified":"2019-10-01","author":{"@type":"Person","@id":"https:\/\/www.suy.sk\/author\/#Person","name":"","url":"https:\/\/www.suy.sk\/author\/","identifier":1,"image":{"@type":"ImageObject","@id":"https:\/\/secure.gravatar.com\/avatar\/40308b9402d145b1dc164f447b6506e9dadca8c8362c3ffb52df95e789c0fd10?s=96&d=mm&r=g","url":"https:\/\/secure.gravatar.com\/avatar\/40308b9402d145b1dc164f447b6506e9dadca8c8362c3ffb52df95e789c0fd10?s=96&d=mm&r=g","height":96,"width":96}},"publisher":{"@type":"Organization","name":"suy.sk","logo":{"@type":"ImageObject","@id":"\/logo.png","url":"\/logo.png","width":600,"height":60}},"image":{"@type":"ImageObject","@id":"https:\/\/www.suy.sk\/wp-content\/uploads\/img_a309216_w16585_t1578928242.jpg","url":"https:\/\/www.suy.sk\/wp-content\/uploads\/img_a309216_w16585_t1578928242.jpg","height":0,"width":0},"url":"https:\/\/www.suy.sk\/hodi-sa-presklena-fasada-aj-do-vasho-domu\/","wordCount":407,"articleBody":"   Presklen\u00e9 fas\u00e1dy s\u00fa ve\u013emi pekn\u00e9, p\u00f4sobia moderne, vpustia do interi\u00e9ru svetlo. Ak sa tro\u0161ku zauj\u00edmate o bytov\u00fd dizajn a aktu\u00e1lne trendy, tak tieto slov\u00e1 asi pozn\u00e1te naspam\u00e4\u0165. V\u0161etky tieto veci s\u00fa z\u00e1rove\u0148 \u010distou pravdou. Sklenen\u00e9 steny, prie\u010dky \u010di fas\u00e1dy, naozaj presvetlia priestor, \u010do m\u00e1 vplyv aj na \u0161etrenie elektrickej energie. Taktie\u017e je pravdou to, \u017ee s\u00fa modern\u00e9. Ve\u010f nie je asi n\u00e1hoda, \u017ee ich vid\u00edme st\u00e1le \u010dastej\u0161ie. Ke\u010f v\u0161ak nad tak\u00fdmto rie\u0161en\u00edm prem\u00fd\u0161\u013eate, mali by ste si dopredu dobre zv\u00e1\u017ei\u0165, \u010di sa sklo, v tak\u00fdchto rozmeroch, hod\u00ed aj do v\u00e1\u0161ho bytu \u010di domu.Zv\u00e1\u017ete mo\u017enosti v\u00e1\u0161ho b\u00fdvania Prvou vecou, ktor\u00fa by ste mali, respekt\u00edve mus\u00edte zv\u00e1\u017ei\u0165, s\u00fa mo\u017enosti v\u00e1\u0161ho domu. ide o technick\u00e9 veci, ako je napr\u00edklad to, kde sa nach\u00e1dzaj\u00fa nosn\u00e9 prie\u010dky, na z\u00e1klade \u010doho budete vedie\u0165, kde b\u00fara\u0165 m\u00f4\u017eete a kde ur\u010dite nie. Nosn\u00e9 prie\u010dky mus\u00edte zladi\u0165 aj so svetovou stranou. Ak by ste sa dozvedeli, \u017ee b\u00fara\u0165 m\u00f4\u017eete len na stene, ktor\u00e1 je orientovan\u00e1 na sever, sklenen\u00e1 fas\u00e1da nemus\u00ed by\u0165 \u00faplne rozumn\u00fdm rie\u0161en\u00edm. Pred pl\u00e1novan\u00edm alebo rovno pred objednan\u00edm firmy a materi\u00e1lu, by ste sa mali preto poradi\u0165 so statikom, ktor\u00fd v\u00e1m povie \u010do a ako.Estetika nepust\u00ed  Sklo je ve\u013emi univerz\u00e1lne, tak\u017ee mnoh\u00ed \u013eudia \u017eij\u00fa v presved\u010den\u00ed, \u017ee sa hod\u00ed v\u0161ade. Do istej miery je to naozaj tak, ale iba do istej. Star\u00fd dom so star\u00fdm interi\u00e9rom, kde m\u00e1te n\u00e1bytok po prastar\u00fdch rodi\u010doch, koberce z obdoba druhej svetovej vojny a steny vyzeraj\u00fa ako v \u013eudovom m\u00fazeu slovenskej architekt\u00fary, by v\u00e1m mohla presklen\u00e1 fas\u00e1da sk\u00f4r u\u0161kodi\u0165. Nejde len o to, \u017ee ju uvidia susedia. Priestor nebude vyzera\u0165 dobre a za predpokladu, \u017ee chcete b\u00fdva\u0165 v peknom byte \u010di dome, by sa toto rie\u0161enie nemuselo p\u00e1\u010di\u0165 ani v\u00e1m. Preto v\u0161etko dopredu zv\u00e1\u017ete naozaj dobre. Ak si nie ste ist\u00ed, \u010di ste schopn\u00ed v\u0161etko pos\u00fadi\u0165 spr\u00e1vne, zv\u00e1\u017ete aj radu profesion\u00e1lneho bytov\u00e9ho dizajn\u00e9ra. Zaplat\u00edte za to p\u00e1r eur, no nebudete b\u00fdva\u0165 v pr\u00edbytku, na ktor\u00fd sa nebudete m\u00f4c\u0165 pozera\u0165.                                                                                                                                                                                                                                                                                                                                                                                                  "},{"@context":"https:\/\/schema.org\/","@type":"BreadcrumbList","itemListElement":[{"@type":"ListItem","position":1,"name":"Hod\u00ed sa presklen\u00e1 fas\u00e1da aj do v\u00e1\u0161ho domu?","item":"https:\/\/www.suy.sk\/hodi-sa-presklena-fasada-aj-do-vasho-domu\/#breadcrumbitem"}]}]