[{"@context":"https:\/\/schema.org\/","@type":"Article","@id":"https:\/\/www.suy.sk\/manzelova-neschopnost\/#Article","mainEntityOfPage":"https:\/\/www.suy.sk\/manzelova-neschopnost\/","headline":"Man\u017eelova neschopnos\u0165","name":"Man\u017eelova neschopnos\u0165","description":"S man\u017eelom sme spolu 7 rokov, m\u00e1me spolu 2 deti a ja syna z predch\u00e1dzaj\u00faceho vz\u0165ahu.\u00a0 Odkedy man\u017eelovi skon\u010dila neschopnos\u0165&hellip;","datePublished":"2023-10-13","dateModified":"2023-10-13","author":{"@type":"Person","@id":"https:\/\/www.suy.sk\/author\/#Person","name":"","url":"https:\/\/www.suy.sk\/author\/","identifier":1,"image":{"@type":"ImageObject","@id":"https:\/\/secure.gravatar.com\/avatar\/40308b9402d145b1dc164f447b6506e9dadca8c8362c3ffb52df95e789c0fd10?s=96&d=mm&r=g","url":"https:\/\/secure.gravatar.com\/avatar\/40308b9402d145b1dc164f447b6506e9dadca8c8362c3ffb52df95e789c0fd10?s=96&d=mm&r=g","height":96,"width":96}},"publisher":{"@type":"Organization","name":"suy.sk","logo":{"@type":"ImageObject","@id":"\/logo.png","url":"\/logo.png","width":600,"height":60}},"image":{"@type":"ImageObject","@id":"https:\/\/www.suy.sk\/wp-content\/uploads\/pexels-alexander-dummer-37646-133021_3.jpg","url":"https:\/\/www.suy.sk\/wp-content\/uploads\/pexels-alexander-dummer-37646-133021_3.jpg","height":0,"width":0},"url":"https:\/\/www.suy.sk\/manzelova-neschopnost\/","about":["\u017dena"],"wordCount":432,"articleBody":"S man\u017eelom sme spolu 7 rokov, m\u00e1me spolu 2 deti a ja syna z predch\u00e1dzaj\u00faceho vz\u0165ahu.\u00a0 Odkedy man\u017eelovi skon\u010dila neschopnos\u0165 tak mi pr\u00edde, \u017ee v\u0161etko sa stra\u0161ne zmenilo. \u00a0Vr\u00e1til sa do pr\u00e1ce, ktor\u00fa u\u017e robil pred neschopnos\u0165ou, ale s rozdielom, \u017ee je v pr\u00e1ci len p\u00e1r hod\u00edn nie cel\u00fd t\u00fd\u017ede\u0148. Jazd\u00ed kami\u00f3nom a v tejto chv\u00edli by jeho pracovn\u00e1 doba mala by\u0165 od 18-6 hod\u00edn.\u00a0 Jazd\u00ed iba od rampy k rampe tak\u017ee t\u00e1to pracovn\u00e1 doba je pevn\u00e1.\u00a0V pr\u00e1ci je v kancel\u00e1rii \u017eensk\u00e1, ktor\u00e1 celkom prud\u00ed a m\u00f4jmu man\u017eelovi vypisuje u\u017e napr\u00edklad o 10. hodine kedy pr\u00edde.\u00a0 On sa jej hl\u00e1si v\u017edy ako d\u00f4jde do pr\u00e1ce.\u00a0 Nikto in\u00fd toto nechce.\u00a0Man\u017eel na \u0148u nad\u00e1va, s\u0165a\u017euje sa na \u0148u v\u0161ade.\u00a0Nerozumiem len tomu, ale pre\u010do ju po\u010d\u00fava. Ka\u017edop\u00e1dne realita je, \u017ee do pr\u00e1ce jazd\u00ed u\u017e o 13. hodine, aby pr\u00edpadne urobil nie\u010do tro\u0161ku viac a nemusel tak napr\u00edklad v piatok a mohol by\u0165 doma.\u00a0 Av\u0161ak domu jazdi v rozmedz\u00ed 23:30-1:30, kedy spa\u0165 ide bohvie kedy a vst\u00e1va po 11 hodine, da si k\u00e1vu a op\u00e4\u0165 odch\u00e1dza. Doma som na v\u0161etko sama. Aj ke\u010f tento t\u00fd\u017ede\u0148 man\u017eel urobil jednu um\u00fdva\u010dku, v\u010dera prebalil mal\u00e9ho, urobil de\u0165om desiatu.\u00a0Ch\u00e1pem samozrejme to, \u017ee je unaven\u00e9 a potrebuje si odd\u00fdchnu\u0165, ale k \u010domu potom je tak\u00fd vz\u0165ah, to neviem. V\u00edkendy to je ve\u013emi obdobne.\u00a0 Spa\u0165 chod\u00ed ve\u013emi neskoro, sp\u00e1nok potom m\u00e1 cez de\u0148.\u00a0 Je s nami teda o p\u00e1r hod\u00edn dlh\u0161ie, ale za ak\u00fa cenu.\u00a0Boli sme dohovoren\u00ed, \u017ee budem moc \u00eds\u0165 do obchodu nak\u00fapi\u0165 veci na tortu (syn bude ma\u0165 narodeniny) a nie\u010do mal\u00e9 k narodenin\u00e1m. Pri predstave, \u017ee budem m\u00f4c\u0165 \u00eds\u0165 a\u017e od 14 hodiny som naozaj znechuten\u00e1 a za\u010d\u00ednam prem\u00fd\u0161\u013ea\u0165, \u017ee sa na cel\u00e9 narodeniny vyka\u0161li.\u00a0 V t\u00fd\u017edni za necel\u00e9 2 hodiny to nezvl\u00e1dam, ke\u010f najbli\u017e\u0161\u00ed obchod m\u00e1m 30 kilometrov.\u00a0Naozaj som tak\u00e1 divn\u00e1, \u017ee nevid\u00edm jeho snahu?\u00a0 T\u00fato ot\u00e1zku si kladiem dlho.\u00a0 Peniaze aj tak neu\u0161etr\u00edme, preto\u017ee si e\u0161te nakupuje, ke\u010f doma ni\u010d nie je.\u00a0 Doma sa potom vyhadzuje, preto\u017ee to s de\u0165mi nezvl\u00e1dam zjes\u0165. Je mi z toho naozaj na ni\u010d a najrad\u0161ej by som utiekla, ale nem\u00e1m bohu\u017eia\u013e kam.                                                                                                                                                                                                                                                                                                                                                                                                "},{"@context":"https:\/\/schema.org\/","@type":"BreadcrumbList","itemListElement":[{"@type":"ListItem","position":1,"name":"Man\u017eelova neschopnos\u0165","item":"https:\/\/www.suy.sk\/manzelova-neschopnost\/#breadcrumbitem"}]}]